{"id":629,"date":"2023-07-07T19:47:39","date_gmt":"2023-07-07T19:47:39","guid":{"rendered":"https:\/\/franbalseirofotografia.com\/?p=629"},"modified":"2023-07-07T19:58:22","modified_gmt":"2023-07-07T19:58:22","slug":"oviedo-dia-del-desarme-la-historia-de-unas-fotos","status":"publish","type":"post","link":"https:\/\/franbalseirofotografia.com\/index.php\/2023\/07\/07\/oviedo-dia-del-desarme-la-historia-de-unas-fotos\/","title":{"rendered":"Oviedo. D\u00eda del desarme. La hist\u00f3ria de unas fotos"},"content":{"rendered":"\n<p>Este S\u00e1bado tuve que ir a Oviedo y cual fue mi sorpresa, que por las calles de la zona vieja se recreaban unos festejos los cuales no sabia a que se deb\u00edan. Entretanto, y a modo de humor pregunt\u00e9 a uno de los que all\u00ed se integraban, un soldado con traje del siglo XIX dando ordenes y de los que parec\u00eda un general :<\/p>\n\n\n\n<p>&nbsp;\u201c Oye\u2026 buen soldado, a que se deben estos acontecimientos \u201c<\/p>\n\n\n\n<p>El cual me respondi\u00f3 :<\/p>\n\n\n\n<p>Hoy se celebra la fiesta hist\u00f3rica del desarme, La base hist\u00f3rica de la fiesta est\u00e1 en las guerras Carlistas. Es una recreaci\u00f3n hist\u00f3rica a modo de recreaci\u00f3n militar y gastron\u00f3mica sobre todo gastron\u00f3mica. La versi\u00f3n m\u00e1s aceptada es all\u00e1&nbsp; por el 1856 a las afueras de Oviedo, uno de los bandos disfrutaba de una copiosa comida y en ese descuido gastron\u00f3mico el enemigo aprovech\u00f3 para robarles las armas y evitar un enfrentamiento y una posesi\u00f3n del territorio.<\/p>\n\n\n\n<p>Al verme todo dispuesto con mi c\u00e1mara, ya que iba dedicar unas horas por la ma\u00f1ana antes de comer al street photography. Hablando en cristiano, hacer lo que que pod\u00eda, fotografiando la vida de las calles y su gente, para lo cual llevaba una peque\u00f1a c\u00e1mara con el objetivo fijo 23mm\/f2, es decir un 35mm de FF. &nbsp;<\/p>\n\n\n\n<p>Entonces&nbsp; me dijo :<\/p>\n\n\n\n<p>\u201c Vamos empezar a desfilar\u2026. , puedes hacernos unas fotos\u2026.&nbsp; \u00bf\u00bf Vienes para hacer fotos al festejo&nbsp; \u2026. no\u2026. ?? . Lo cual le contest\u00e9, despu\u00e9s de ver que por all\u00ed estaban una decena de fot\u00f3grafos cargados con sus equipos , mochilas y teleobjetivos dispuestos a realizar un amplio despliegue fotogr\u00e1fico.<\/p>\n\n\n\n<p>Bueno \u2026. la verdad\u2026. no&nbsp; ven\u00eda e eso\u2026. pero bueno\u2026. Os puedo hacer alguna foto\u2026..&nbsp; pero si no os importa voy andar a mi aire\u2026\u2026 por el medio\u2026. como se me vaya ocurriendo.&nbsp; El me contest\u00f3 :<\/p>\n\n\n\n<p>Nada\u2026. pues a tu aire\u2026..haz lo que quieras\u2026 pero si vas andar por el medio, por favor no molestes mucho.<\/p>\n\n\n\n<p>Mi modo de ver este tipo de fotograf\u00eda es no dar la impresi\u00f3n de que les voy hacer fotos, intentar pasar desapercibido, aunque en muchos casos no es posible. De todos modos y al ser un acontecimiento festivo pues no hab\u00eda mucho problema, la gente respond\u00eda bien y era agradecida, es m\u00e1s, quer\u00edan que les hicieses fotos.<\/p>\n\n\n\n<p>En estos casos suelo meterme por el medio, y con el angular empezar a encuadrar y acercar el objetivo a unos primeros planos de casi 50 cm del objeto, con lo que pretendo desenfocar ese primer plano y dejar enfocado el segundo plano, casi le tocaba en la cara al personaje, al estilo Willian Klein.<\/p>\n\n\n\n<p>Me gusta estar en contacto cerca de la gente, palpar las situaciones e integrarme en ellas. Que las im\u00e1genes sean espont\u00e1neas, que no se vean forzadas, si no esas im\u00e1genes perder\u00e1n la magia<\/p>\n\n\n\n<p>Las fotos las&nbsp; realiz\u00e9 en color, pero despu\u00e9s de verlas en el ordenador decid\u00ed editarlas en blanco y negro porque me gust\u00f3 el resultado.<\/p>\n\n\n\n<div class=\"wp-block-jetpack-tiled-gallery aligncenter is-style-rectangular\"><div class=\"tiled-gallery__gallery\"><div class=\"tiled-gallery__row\"><div class=\"tiled-gallery__col\" style=\"flex-basis:66.79002%\"><figure class=\"tiled-gallery__item\"><img decoding=\"async\" data-attachment-id=\"635\" data-permalink=\"https:\/\/franbalseirofotografia.com\/index.php\/2023\/07\/07\/oviedo-dia-del-desarme-la-historia-de-unas-fotos\/dsf0653-editar-1\/\" data-orig-file=\"https:\/\/i0.wp.com\/franbalseirofotografia.com\/wp-content\/uploads\/2023\/07\/DSF0653-Editar-1.jpg?fit=1400%2C933&amp;ssl=1\" data-orig-size=\"1400,933\" data-comments-opened=\"0\" data-image-meta=\"{&quot;aperture&quot;:&quot;0&quot;,&quot;credit&quot;:&quot;&quot;,&quot;camera&quot;:&quot;&quot;,&quot;caption&quot;:&quot;&quot;,&quot;created_timestamp&quot;:&quot;1665833912&quot;,&quot;copyright&quot;:&quot;&quot;,&quot;focal_length&quot;:&quot;0&quot;,&quot;iso&quot;:&quot;0&quot;,&quot;shutter_speed&quot;:&quot;0&quot;,&quot;title&quot;:&quot;&quot;,&quot;orientation&quot;:&quot;0&quot;}\" data-image-title=\"DSF0653-Editar-1\" data-image-description=\"\" data-image-caption=\"\" data-large-file=\"https:\/\/i0.wp.com\/franbalseirofotografia.com\/wp-content\/uploads\/2023\/07\/DSF0653-Editar-1.jpg?fit=1024%2C682&amp;ssl=1\" data-attachment-id=\"635\" data-permalink=\"https:\/\/franbalseirofotografia.com\/index.php\/2023\/07\/07\/oviedo-dia-del-desarme-la-historia-de-unas-fotos\/dsf0653-editar-1\/\" data-orig-file=\"https:\/\/i0.wp.com\/franbalseirofotografia.com\/wp-content\/uploads\/2023\/07\/DSF0653-Editar-1.jpg?fit=1400%2C933&amp;ssl=1\" data-orig-size=\"1400,933\" data-comments-opened=\"0\" data-image-meta=\"{&quot;aperture&quot;:&quot;0&quot;,&quot;credit&quot;:&quot;&quot;,&quot;camera&quot;:&quot;&quot;,&quot;caption&quot;:&quot;&quot;,&quot;created_timestamp&quot;:&quot;1665833912&quot;,&quot;copyright&quot;:&quot;&quot;,&quot;focal_length&quot;:&quot;0&quot;,&quot;iso&quot;:&quot;0&quot;,&quot;shutter_speed&quot;:&quot;0&quot;,&quot;title&quot;:&quot;&quot;,&quot;orientation&quot;:&quot;0&quot;}\" data-image-title=\"DSF0653-Editar-1\" data-image-description=\"\" data-image-caption=\"\" data-large-file=\"https:\/\/i0.wp.com\/franbalseirofotografia.com\/wp-content\/uploads\/2023\/07\/DSF0653-Editar-1.jpg?fit=1024%2C682&amp;ssl=1\" role=\"button\" tabindex=\"0\" aria-label=\"Abrir la imagen 1 de 14 en pantalla completa\"srcset=\"https:\/\/i0.wp.com\/franbalseirofotografia.com\/wp-content\/uploads\/2023\/07\/DSF0653-Editar-1-1024x682.jpg?strip=info&#038;w=600&#038;ssl=1 600w,https:\/\/i0.wp.com\/franbalseirofotografia.com\/wp-content\/uploads\/2023\/07\/DSF0653-Editar-1-1024x682.jpg?strip=info&#038;w=900&#038;ssl=1 900w,https:\/\/i0.wp.com\/franbalseirofotografia.com\/wp-content\/uploads\/2023\/07\/DSF0653-Editar-1-1024x682.jpg?strip=info&#038;w=1200&#038;ssl=1 1200w,https:\/\/i0.wp.com\/franbalseirofotografia.com\/wp-content\/uploads\/2023\/07\/DSF0653-Editar-1-1024x682.jpg?strip=info&#038;w=1400&#038;ssl=1 1400w\" alt=\"\" data-height=\"933\" data-id=\"635\" data-link=\"https:\/\/franbalseirofotografia.com\/?attachment_id=635\" data-url=\"https:\/\/franbalseirofotografia.com\/wp-content\/uploads\/2023\/07\/DSF0653-Editar-1-1024x682.jpg\" data-width=\"1400\" src=\"https:\/\/i0.wp.com\/franbalseirofotografia.com\/wp-content\/uploads\/2023\/07\/DSF0653-Editar-1-1024x682.jpg?ssl=1\" data-amp-layout=\"responsive\"\/><\/figure><\/div><div class=\"tiled-gallery__col\" style=\"flex-basis:33.20998%\"><figure class=\"tiled-gallery__item\"><img decoding=\"async\" data-attachment-id=\"636\" data-permalink=\"https:\/\/franbalseirofotografia.com\/index.php\/2023\/07\/07\/oviedo-dia-del-desarme-la-historia-de-unas-fotos\/dsf0599-editar-1\/\" data-orig-file=\"https:\/\/i0.wp.com\/franbalseirofotografia.com\/wp-content\/uploads\/2023\/07\/DSF0599-Editar-1.jpg?fit=1400%2C933&amp;ssl=1\" data-orig-size=\"1400,933\" data-comments-opened=\"0\" data-image-meta=\"{&quot;aperture&quot;:&quot;0&quot;,&quot;credit&quot;:&quot;&quot;,&quot;camera&quot;:&quot;&quot;,&quot;caption&quot;:&quot;&quot;,&quot;created_timestamp&quot;:&quot;1665830677&quot;,&quot;copyright&quot;:&quot;&quot;,&quot;focal_length&quot;:&quot;0&quot;,&quot;iso&quot;:&quot;0&quot;,&quot;shutter_speed&quot;:&quot;0&quot;,&quot;title&quot;:&quot;&quot;,&quot;orientation&quot;:&quot;0&quot;}\" data-image-title=\"DSF0599-Editar-1\" data-image-description=\"\" data-image-caption=\"\" data-large-file=\"https:\/\/i0.wp.com\/franbalseirofotografia.com\/wp-content\/uploads\/2023\/07\/DSF0599-Editar-1.jpg?fit=1024%2C682&amp;ssl=1\" data-attachment-id=\"636\" data-permalink=\"https:\/\/franbalseirofotografia.com\/index.php\/2023\/07\/07\/oviedo-dia-del-desarme-la-historia-de-unas-fotos\/dsf0599-editar-1\/\" data-orig-file=\"https:\/\/i0.wp.com\/franbalseirofotografia.com\/wp-content\/uploads\/2023\/07\/DSF0599-Editar-1.jpg?fit=1400%2C933&amp;ssl=1\" data-orig-size=\"1400,933\" data-comments-opened=\"0\" data-image-meta=\"{&quot;aperture&quot;:&quot;0&quot;,&quot;credit&quot;:&quot;&quot;,&quot;camera&quot;:&quot;&quot;,&quot;caption&quot;:&quot;&quot;,&quot;created_timestamp&quot;:&quot;1665830677&quot;,&quot;copyright&quot;:&quot;&quot;,&quot;focal_length&quot;:&quot;0&quot;,&quot;iso&quot;:&quot;0&quot;,&quot;shutter_speed&quot;:&quot;0&quot;,&quot;title&quot;:&quot;&quot;,&quot;orientation&quot;:&quot;0&quot;}\" data-image-title=\"DSF0599-Editar-1\" data-image-description=\"\" data-image-caption=\"\" data-large-file=\"https:\/\/i0.wp.com\/franbalseirofotografia.com\/wp-content\/uploads\/2023\/07\/DSF0599-Editar-1.jpg?fit=1024%2C682&amp;ssl=1\" role=\"button\" tabindex=\"0\" aria-label=\"Abrir la imagen 2 de 14 en pantalla completa\"srcset=\"https:\/\/i2.wp.com\/franbalseirofotografia.com\/wp-content\/uploads\/2023\/07\/DSF0599-Editar-1-1024x682.jpg?strip=info&#038;w=600&#038;ssl=1 600w,https:\/\/i2.wp.com\/franbalseirofotografia.com\/wp-content\/uploads\/2023\/07\/DSF0599-Editar-1-1024x682.jpg?strip=info&#038;w=900&#038;ssl=1 900w,https:\/\/i2.wp.com\/franbalseirofotografia.com\/wp-content\/uploads\/2023\/07\/DSF0599-Editar-1-1024x682.jpg?strip=info&#038;w=1200&#038;ssl=1 1200w,https:\/\/i2.wp.com\/franbalseirofotografia.com\/wp-content\/uploads\/2023\/07\/DSF0599-Editar-1-1024x682.jpg?strip=info&#038;w=1400&#038;ssl=1 1400w\" alt=\"\" data-height=\"933\" data-id=\"636\" data-link=\"https:\/\/franbalseirofotografia.com\/?attachment_id=636\" data-url=\"https:\/\/franbalseirofotografia.com\/wp-content\/uploads\/2023\/07\/DSF0599-Editar-1-1024x682.jpg\" data-width=\"1400\" src=\"https:\/\/i2.wp.com\/franbalseirofotografia.com\/wp-content\/uploads\/2023\/07\/DSF0599-Editar-1-1024x682.jpg?ssl=1\" data-amp-layout=\"responsive\"\/><\/figure><figure class=\"tiled-gallery__item\"><img decoding=\"async\" data-attachment-id=\"637\" data-permalink=\"https:\/\/franbalseirofotografia.com\/index.php\/2023\/07\/07\/oviedo-dia-del-desarme-la-historia-de-unas-fotos\/dsf0589-editar-1\/\" data-orig-file=\"https:\/\/i0.wp.com\/franbalseirofotografia.com\/wp-content\/uploads\/2023\/07\/DSF0589-Editar-1.jpg?fit=1400%2C933&amp;ssl=1\" data-orig-size=\"1400,933\" data-comments-opened=\"0\" data-image-meta=\"{&quot;aperture&quot;:&quot;0&quot;,&quot;credit&quot;:&quot;&quot;,&quot;camera&quot;:&quot;&quot;,&quot;caption&quot;:&quot;&quot;,&quot;created_timestamp&quot;:&quot;1665830435&quot;,&quot;copyright&quot;:&quot;&quot;,&quot;focal_length&quot;:&quot;0&quot;,&quot;iso&quot;:&quot;0&quot;,&quot;shutter_speed&quot;:&quot;0&quot;,&quot;title&quot;:&quot;&quot;,&quot;orientation&quot;:&quot;0&quot;}\" data-image-title=\"DSF0589-Editar-1\" data-image-description=\"\" data-image-caption=\"\" data-large-file=\"https:\/\/i0.wp.com\/franbalseirofotografia.com\/wp-content\/uploads\/2023\/07\/DSF0589-Editar-1.jpg?fit=1024%2C682&amp;ssl=1\" data-attachment-id=\"637\" data-permalink=\"https:\/\/franbalseirofotografia.com\/index.php\/2023\/07\/07\/oviedo-dia-del-desarme-la-historia-de-unas-fotos\/dsf0589-editar-1\/\" data-orig-file=\"https:\/\/i0.wp.com\/franbalseirofotografia.com\/wp-content\/uploads\/2023\/07\/DSF0589-Editar-1.jpg?fit=1400%2C933&amp;ssl=1\" data-orig-size=\"1400,933\" data-comments-opened=\"0\" data-image-meta=\"{&quot;aperture&quot;:&quot;0&quot;,&quot;credit&quot;:&quot;&quot;,&quot;camera&quot;:&quot;&quot;,&quot;caption&quot;:&quot;&quot;,&quot;created_timestamp&quot;:&quot;1665830435&quot;,&quot;copyright&quot;:&quot;&quot;,&quot;focal_length&quot;:&quot;0&quot;,&quot;iso&quot;:&quot;0&quot;,&quot;shutter_speed&quot;:&quot;0&quot;,&quot;title&quot;:&quot;&quot;,&quot;orientation&quot;:&quot;0&quot;}\" data-image-title=\"DSF0589-Editar-1\" data-image-description=\"\" data-image-caption=\"\" data-large-file=\"https:\/\/i0.wp.com\/franbalseirofotografia.com\/wp-content\/uploads\/2023\/07\/DSF0589-Editar-1.jpg?fit=1024%2C682&amp;ssl=1\" role=\"button\" tabindex=\"0\" aria-label=\"Abrir la imagen 3 de 14 en pantalla completa\"srcset=\"https:\/\/i1.wp.com\/franbalseirofotografia.com\/wp-content\/uploads\/2023\/07\/DSF0589-Editar-1-1024x682.jpg?strip=info&#038;w=600&#038;ssl=1 600w,https:\/\/i1.wp.com\/franbalseirofotografia.com\/wp-content\/uploads\/2023\/07\/DSF0589-Editar-1-1024x682.jpg?strip=info&#038;w=900&#038;ssl=1 900w,https:\/\/i1.wp.com\/franbalseirofotografia.com\/wp-content\/uploads\/2023\/07\/DSF0589-Editar-1-1024x682.jpg?strip=info&#038;w=1200&#038;ssl=1 1200w,https:\/\/i1.wp.com\/franbalseirofotografia.com\/wp-content\/uploads\/2023\/07\/DSF0589-Editar-1-1024x682.jpg?strip=info&#038;w=1400&#038;ssl=1 1400w\" alt=\"\" data-height=\"933\" data-id=\"637\" data-link=\"https:\/\/franbalseirofotografia.com\/?attachment_id=637\" data-url=\"https:\/\/franbalseirofotografia.com\/wp-content\/uploads\/2023\/07\/DSF0589-Editar-1-1024x682.jpg\" data-width=\"1400\" src=\"https:\/\/i1.wp.com\/franbalseirofotografia.com\/wp-content\/uploads\/2023\/07\/DSF0589-Editar-1-1024x682.jpg?ssl=1\" data-amp-layout=\"responsive\"\/><\/figure><\/div><\/div><div class=\"tiled-gallery__row\"><div class=\"tiled-gallery__col\" style=\"flex-basis:33.33333%\"><figure class=\"tiled-gallery__item\"><img decoding=\"async\" data-attachment-id=\"638\" data-permalink=\"https:\/\/franbalseirofotografia.com\/index.php\/2023\/07\/07\/oviedo-dia-del-desarme-la-historia-de-unas-fotos\/dsf0591-editar-1\/\" data-orig-file=\"https:\/\/i0.wp.com\/franbalseirofotografia.com\/wp-content\/uploads\/2023\/07\/DSF0591-Editar-1.jpg?fit=1400%2C933&amp;ssl=1\" data-orig-size=\"1400,933\" data-comments-opened=\"0\" data-image-meta=\"{&quot;aperture&quot;:&quot;0&quot;,&quot;credit&quot;:&quot;&quot;,&quot;camera&quot;:&quot;&quot;,&quot;caption&quot;:&quot;&quot;,&quot;created_timestamp&quot;:&quot;1665830487&quot;,&quot;copyright&quot;:&quot;&quot;,&quot;focal_length&quot;:&quot;0&quot;,&quot;iso&quot;:&quot;0&quot;,&quot;shutter_speed&quot;:&quot;0&quot;,&quot;title&quot;:&quot;&quot;,&quot;orientation&quot;:&quot;0&quot;}\" data-image-title=\"DSF0591-Editar-1\" data-image-description=\"\" data-image-caption=\"\" data-large-file=\"https:\/\/i0.wp.com\/franbalseirofotografia.com\/wp-content\/uploads\/2023\/07\/DSF0591-Editar-1.jpg?fit=1024%2C682&amp;ssl=1\" data-attachment-id=\"638\" data-permalink=\"https:\/\/franbalseirofotografia.com\/index.php\/2023\/07\/07\/oviedo-dia-del-desarme-la-historia-de-unas-fotos\/dsf0591-editar-1\/\" data-orig-file=\"https:\/\/i0.wp.com\/franbalseirofotografia.com\/wp-content\/uploads\/2023\/07\/DSF0591-Editar-1.jpg?fit=1400%2C933&amp;ssl=1\" data-orig-size=\"1400,933\" data-comments-opened=\"0\" data-image-meta=\"{&quot;aperture&quot;:&quot;0&quot;,&quot;credit&quot;:&quot;&quot;,&quot;camera&quot;:&quot;&quot;,&quot;caption&quot;:&quot;&quot;,&quot;created_timestamp&quot;:&quot;1665830487&quot;,&quot;copyright&quot;:&quot;&quot;,&quot;focal_length&quot;:&quot;0&quot;,&quot;iso&quot;:&quot;0&quot;,&quot;shutter_speed&quot;:&quot;0&quot;,&quot;title&quot;:&quot;&quot;,&quot;orientation&quot;:&quot;0&quot;}\" data-image-title=\"DSF0591-Editar-1\" data-image-description=\"\" data-image-caption=\"\" data-large-file=\"https:\/\/i0.wp.com\/franbalseirofotografia.com\/wp-content\/uploads\/2023\/07\/DSF0591-Editar-1.jpg?fit=1024%2C682&amp;ssl=1\" role=\"button\" tabindex=\"0\" aria-label=\"Abrir la imagen 4 de 14 en pantalla completa\"srcset=\"https:\/\/i2.wp.com\/franbalseirofotografia.com\/wp-content\/uploads\/2023\/07\/DSF0591-Editar-1-1024x682.jpg?strip=info&#038;w=600&#038;ssl=1 600w,https:\/\/i2.wp.com\/franbalseirofotografia.com\/wp-content\/uploads\/2023\/07\/DSF0591-Editar-1-1024x682.jpg?strip=info&#038;w=900&#038;ssl=1 900w,https:\/\/i2.wp.com\/franbalseirofotografia.com\/wp-content\/uploads\/2023\/07\/DSF0591-Editar-1-1024x682.jpg?strip=info&#038;w=1200&#038;ssl=1 1200w,https:\/\/i2.wp.com\/franbalseirofotografia.com\/wp-content\/uploads\/2023\/07\/DSF0591-Editar-1-1024x682.jpg?strip=info&#038;w=1400&#038;ssl=1 1400w\" alt=\"\" data-height=\"933\" data-id=\"638\" data-link=\"https:\/\/franbalseirofotografia.com\/?attachment_id=638\" data-url=\"https:\/\/franbalseirofotografia.com\/wp-content\/uploads\/2023\/07\/DSF0591-Editar-1-1024x682.jpg\" data-width=\"1400\" src=\"https:\/\/i2.wp.com\/franbalseirofotografia.com\/wp-content\/uploads\/2023\/07\/DSF0591-Editar-1-1024x682.jpg?ssl=1\" data-amp-layout=\"responsive\"\/><\/figure><\/div><div class=\"tiled-gallery__col\" style=\"flex-basis:33.33333%\"><figure class=\"tiled-gallery__item\"><img decoding=\"async\" data-attachment-id=\"639\" data-permalink=\"https:\/\/franbalseirofotografia.com\/index.php\/2023\/07\/07\/oviedo-dia-del-desarme-la-historia-de-unas-fotos\/dsf0593-editar-1\/\" data-orig-file=\"https:\/\/i0.wp.com\/franbalseirofotografia.com\/wp-content\/uploads\/2023\/07\/DSF0593-Editar-1.jpg?fit=1400%2C933&amp;ssl=1\" data-orig-size=\"1400,933\" data-comments-opened=\"0\" data-image-meta=\"{&quot;aperture&quot;:&quot;0&quot;,&quot;credit&quot;:&quot;&quot;,&quot;camera&quot;:&quot;&quot;,&quot;caption&quot;:&quot;&quot;,&quot;created_timestamp&quot;:&quot;1665830574&quot;,&quot;copyright&quot;:&quot;&quot;,&quot;focal_length&quot;:&quot;0&quot;,&quot;iso&quot;:&quot;0&quot;,&quot;shutter_speed&quot;:&quot;0&quot;,&quot;title&quot;:&quot;&quot;,&quot;orientation&quot;:&quot;0&quot;}\" data-image-title=\"DSF0593-Editar-1\" data-image-description=\"\" data-image-caption=\"\" data-large-file=\"https:\/\/i0.wp.com\/franbalseirofotografia.com\/wp-content\/uploads\/2023\/07\/DSF0593-Editar-1.jpg?fit=1024%2C682&amp;ssl=1\" data-attachment-id=\"639\" data-permalink=\"https:\/\/franbalseirofotografia.com\/index.php\/2023\/07\/07\/oviedo-dia-del-desarme-la-historia-de-unas-fotos\/dsf0593-editar-1\/\" data-orig-file=\"https:\/\/i0.wp.com\/franbalseirofotografia.com\/wp-content\/uploads\/2023\/07\/DSF0593-Editar-1.jpg?fit=1400%2C933&amp;ssl=1\" data-orig-size=\"1400,933\" data-comments-opened=\"0\" data-image-meta=\"{&quot;aperture&quot;:&quot;0&quot;,&quot;credit&quot;:&quot;&quot;,&quot;camera&quot;:&quot;&quot;,&quot;caption&quot;:&quot;&quot;,&quot;created_timestamp&quot;:&quot;1665830574&quot;,&quot;copyright&quot;:&quot;&quot;,&quot;focal_length&quot;:&quot;0&quot;,&quot;iso&quot;:&quot;0&quot;,&quot;shutter_speed&quot;:&quot;0&quot;,&quot;title&quot;:&quot;&quot;,&quot;orientation&quot;:&quot;0&quot;}\" data-image-title=\"DSF0593-Editar-1\" data-image-description=\"\" data-image-caption=\"\" data-large-file=\"https:\/\/i0.wp.com\/franbalseirofotografia.com\/wp-content\/uploads\/2023\/07\/DSF0593-Editar-1.jpg?fit=1024%2C682&amp;ssl=1\" role=\"button\" tabindex=\"0\" aria-label=\"Abrir la imagen 5 de 14 en pantalla completa\"srcset=\"https:\/\/i2.wp.com\/franbalseirofotografia.com\/wp-content\/uploads\/2023\/07\/DSF0593-Editar-1-1024x682.jpg?strip=info&#038;w=600&#038;ssl=1 600w,https:\/\/i2.wp.com\/franbalseirofotografia.com\/wp-content\/uploads\/2023\/07\/DSF0593-Editar-1-1024x682.jpg?strip=info&#038;w=900&#038;ssl=1 900w,https:\/\/i2.wp.com\/franbalseirofotografia.com\/wp-content\/uploads\/2023\/07\/DSF0593-Editar-1-1024x682.jpg?strip=info&#038;w=1200&#038;ssl=1 1200w,https:\/\/i2.wp.com\/franbalseirofotografia.com\/wp-content\/uploads\/2023\/07\/DSF0593-Editar-1-1024x682.jpg?strip=info&#038;w=1400&#038;ssl=1 1400w\" alt=\"\" data-height=\"933\" data-id=\"639\" data-link=\"https:\/\/franbalseirofotografia.com\/?attachment_id=639\" data-url=\"https:\/\/franbalseirofotografia.com\/wp-content\/uploads\/2023\/07\/DSF0593-Editar-1-1024x682.jpg\" data-width=\"1400\" src=\"https:\/\/i2.wp.com\/franbalseirofotografia.com\/wp-content\/uploads\/2023\/07\/DSF0593-Editar-1-1024x682.jpg?ssl=1\" data-amp-layout=\"responsive\"\/><\/figure><\/div><div class=\"tiled-gallery__col\" style=\"flex-basis:33.33333%\"><figure class=\"tiled-gallery__item\"><img decoding=\"async\" data-attachment-id=\"640\" data-permalink=\"https:\/\/franbalseirofotografia.com\/index.php\/2023\/07\/07\/oviedo-dia-del-desarme-la-historia-de-unas-fotos\/dsf0594-editar-1\/\" data-orig-file=\"https:\/\/i0.wp.com\/franbalseirofotografia.com\/wp-content\/uploads\/2023\/07\/DSF0594-Editar-1.jpg?fit=1400%2C933&amp;ssl=1\" data-orig-size=\"1400,933\" data-comments-opened=\"0\" data-image-meta=\"{&quot;aperture&quot;:&quot;0&quot;,&quot;credit&quot;:&quot;&quot;,&quot;camera&quot;:&quot;&quot;,&quot;caption&quot;:&quot;&quot;,&quot;created_timestamp&quot;:&quot;1665830609&quot;,&quot;copyright&quot;:&quot;&quot;,&quot;focal_length&quot;:&quot;0&quot;,&quot;iso&quot;:&quot;0&quot;,&quot;shutter_speed&quot;:&quot;0&quot;,&quot;title&quot;:&quot;&quot;,&quot;orientation&quot;:&quot;0&quot;}\" data-image-title=\"DSF0594-Editar-1\" data-image-description=\"\" data-image-caption=\"\" data-large-file=\"https:\/\/i0.wp.com\/franbalseirofotografia.com\/wp-content\/uploads\/2023\/07\/DSF0594-Editar-1.jpg?fit=1024%2C682&amp;ssl=1\" data-attachment-id=\"640\" data-permalink=\"https:\/\/franbalseirofotografia.com\/index.php\/2023\/07\/07\/oviedo-dia-del-desarme-la-historia-de-unas-fotos\/dsf0594-editar-1\/\" data-orig-file=\"https:\/\/i0.wp.com\/franbalseirofotografia.com\/wp-content\/uploads\/2023\/07\/DSF0594-Editar-1.jpg?fit=1400%2C933&amp;ssl=1\" data-orig-size=\"1400,933\" data-comments-opened=\"0\" data-image-meta=\"{&quot;aperture&quot;:&quot;0&quot;,&quot;credit&quot;:&quot;&quot;,&quot;camera&quot;:&quot;&quot;,&quot;caption&quot;:&quot;&quot;,&quot;created_timestamp&quot;:&quot;1665830609&quot;,&quot;copyright&quot;:&quot;&quot;,&quot;focal_length&quot;:&quot;0&quot;,&quot;iso&quot;:&quot;0&quot;,&quot;shutter_speed&quot;:&quot;0&quot;,&quot;title&quot;:&quot;&quot;,&quot;orientation&quot;:&quot;0&quot;}\" data-image-title=\"DSF0594-Editar-1\" data-image-description=\"\" data-image-caption=\"\" data-large-file=\"https:\/\/i0.wp.com\/franbalseirofotografia.com\/wp-content\/uploads\/2023\/07\/DSF0594-Editar-1.jpg?fit=1024%2C682&amp;ssl=1\" role=\"button\" tabindex=\"0\" aria-label=\"Abrir la imagen 6 de 14 en pantalla completa\"srcset=\"https:\/\/i0.wp.com\/franbalseirofotografia.com\/wp-content\/uploads\/2023\/07\/DSF0594-Editar-1-1024x682.jpg?strip=info&#038;w=600&#038;ssl=1 600w,https:\/\/i0.wp.com\/franbalseirofotografia.com\/wp-content\/uploads\/2023\/07\/DSF0594-Editar-1-1024x682.jpg?strip=info&#038;w=900&#038;ssl=1 900w,https:\/\/i0.wp.com\/franbalseirofotografia.com\/wp-content\/uploads\/2023\/07\/DSF0594-Editar-1-1024x682.jpg?strip=info&#038;w=1200&#038;ssl=1 1200w,https:\/\/i0.wp.com\/franbalseirofotografia.com\/wp-content\/uploads\/2023\/07\/DSF0594-Editar-1-1024x682.jpg?strip=info&#038;w=1400&#038;ssl=1 1400w\" alt=\"\" data-height=\"933\" data-id=\"640\" data-link=\"https:\/\/franbalseirofotografia.com\/?attachment_id=640\" data-url=\"https:\/\/franbalseirofotografia.com\/wp-content\/uploads\/2023\/07\/DSF0594-Editar-1-1024x682.jpg\" data-width=\"1400\" src=\"https:\/\/i0.wp.com\/franbalseirofotografia.com\/wp-content\/uploads\/2023\/07\/DSF0594-Editar-1-1024x682.jpg?ssl=1\" data-amp-layout=\"responsive\"\/><\/figure><\/div><\/div><div class=\"tiled-gallery__row\"><div class=\"tiled-gallery__col\" style=\"flex-basis:52.75717%\"><figure class=\"tiled-gallery__item\"><img decoding=\"async\" data-attachment-id=\"642\" data-permalink=\"https:\/\/franbalseirofotografia.com\/index.php\/2023\/07\/07\/oviedo-dia-del-desarme-la-historia-de-unas-fotos\/dsf0605-editar-2-1\/\" data-orig-file=\"https:\/\/i0.wp.com\/franbalseirofotografia.com\/wp-content\/uploads\/2023\/07\/DSF0605-Editar-2-1.jpg?fit=1400%2C933&amp;ssl=1\" data-orig-size=\"1400,933\" data-comments-opened=\"0\" data-image-meta=\"{&quot;aperture&quot;:&quot;0&quot;,&quot;credit&quot;:&quot;&quot;,&quot;camera&quot;:&quot;&quot;,&quot;caption&quot;:&quot;&quot;,&quot;created_timestamp&quot;:&quot;1665830782&quot;,&quot;copyright&quot;:&quot;&quot;,&quot;focal_length&quot;:&quot;0&quot;,&quot;iso&quot;:&quot;0&quot;,&quot;shutter_speed&quot;:&quot;0&quot;,&quot;title&quot;:&quot;&quot;,&quot;orientation&quot;:&quot;0&quot;}\" data-image-title=\"DSF0605-Editar-2-1\" data-image-description=\"\" data-image-caption=\"\" data-large-file=\"https:\/\/i0.wp.com\/franbalseirofotografia.com\/wp-content\/uploads\/2023\/07\/DSF0605-Editar-2-1.jpg?fit=1024%2C682&amp;ssl=1\" data-attachment-id=\"642\" data-permalink=\"https:\/\/franbalseirofotografia.com\/index.php\/2023\/07\/07\/oviedo-dia-del-desarme-la-historia-de-unas-fotos\/dsf0605-editar-2-1\/\" data-orig-file=\"https:\/\/i0.wp.com\/franbalseirofotografia.com\/wp-content\/uploads\/2023\/07\/DSF0605-Editar-2-1.jpg?fit=1400%2C933&amp;ssl=1\" data-orig-size=\"1400,933\" data-comments-opened=\"0\" data-image-meta=\"{&quot;aperture&quot;:&quot;0&quot;,&quot;credit&quot;:&quot;&quot;,&quot;camera&quot;:&quot;&quot;,&quot;caption&quot;:&quot;&quot;,&quot;created_timestamp&quot;:&quot;1665830782&quot;,&quot;copyright&quot;:&quot;&quot;,&quot;focal_length&quot;:&quot;0&quot;,&quot;iso&quot;:&quot;0&quot;,&quot;shutter_speed&quot;:&quot;0&quot;,&quot;title&quot;:&quot;&quot;,&quot;orientation&quot;:&quot;0&quot;}\" data-image-title=\"DSF0605-Editar-2-1\" data-image-description=\"\" data-image-caption=\"\" data-large-file=\"https:\/\/i0.wp.com\/franbalseirofotografia.com\/wp-content\/uploads\/2023\/07\/DSF0605-Editar-2-1.jpg?fit=1024%2C682&amp;ssl=1\" role=\"button\" tabindex=\"0\" aria-label=\"Abrir la imagen 7 de 14 en pantalla completa\"srcset=\"https:\/\/i0.wp.com\/franbalseirofotografia.com\/wp-content\/uploads\/2023\/07\/DSF0605-Editar-2-1-1024x682.jpg?strip=info&#038;w=600&#038;ssl=1 600w,https:\/\/i0.wp.com\/franbalseirofotografia.com\/wp-content\/uploads\/2023\/07\/DSF0605-Editar-2-1-1024x682.jpg?strip=info&#038;w=900&#038;ssl=1 900w,https:\/\/i0.wp.com\/franbalseirofotografia.com\/wp-content\/uploads\/2023\/07\/DSF0605-Editar-2-1-1024x682.jpg?strip=info&#038;w=1200&#038;ssl=1 1200w,https:\/\/i0.wp.com\/franbalseirofotografia.com\/wp-content\/uploads\/2023\/07\/DSF0605-Editar-2-1-1024x682.jpg?strip=info&#038;w=1400&#038;ssl=1 1400w\" alt=\"\" data-height=\"933\" data-id=\"642\" data-link=\"https:\/\/franbalseirofotografia.com\/?attachment_id=642\" data-url=\"https:\/\/franbalseirofotografia.com\/wp-content\/uploads\/2023\/07\/DSF0605-Editar-2-1-1024x682.jpg\" data-width=\"1400\" src=\"https:\/\/i0.wp.com\/franbalseirofotografia.com\/wp-content\/uploads\/2023\/07\/DSF0605-Editar-2-1-1024x682.jpg?ssl=1\" data-amp-layout=\"responsive\"\/><\/figure><figure class=\"tiled-gallery__item\"><img decoding=\"async\" data-attachment-id=\"643\" data-permalink=\"https:\/\/franbalseirofotografia.com\/index.php\/2023\/07\/07\/oviedo-dia-del-desarme-la-historia-de-unas-fotos\/dsf0607-editar-1\/\" data-orig-file=\"https:\/\/i0.wp.com\/franbalseirofotografia.com\/wp-content\/uploads\/2023\/07\/DSF0607-Editar-1.jpg?fit=1400%2C933&amp;ssl=1\" data-orig-size=\"1400,933\" data-comments-opened=\"0\" data-image-meta=\"{&quot;aperture&quot;:&quot;0&quot;,&quot;credit&quot;:&quot;&quot;,&quot;camera&quot;:&quot;&quot;,&quot;caption&quot;:&quot;&quot;,&quot;created_timestamp&quot;:&quot;1665830881&quot;,&quot;copyright&quot;:&quot;&quot;,&quot;focal_length&quot;:&quot;0&quot;,&quot;iso&quot;:&quot;0&quot;,&quot;shutter_speed&quot;:&quot;0&quot;,&quot;title&quot;:&quot;&quot;,&quot;orientation&quot;:&quot;0&quot;}\" data-image-title=\"DSF0607-Editar-1\" data-image-description=\"\" data-image-caption=\"\" data-large-file=\"https:\/\/i0.wp.com\/franbalseirofotografia.com\/wp-content\/uploads\/2023\/07\/DSF0607-Editar-1.jpg?fit=1024%2C682&amp;ssl=1\" data-attachment-id=\"643\" data-permalink=\"https:\/\/franbalseirofotografia.com\/index.php\/2023\/07\/07\/oviedo-dia-del-desarme-la-historia-de-unas-fotos\/dsf0607-editar-1\/\" data-orig-file=\"https:\/\/i0.wp.com\/franbalseirofotografia.com\/wp-content\/uploads\/2023\/07\/DSF0607-Editar-1.jpg?fit=1400%2C933&amp;ssl=1\" data-orig-size=\"1400,933\" data-comments-opened=\"0\" data-image-meta=\"{&quot;aperture&quot;:&quot;0&quot;,&quot;credit&quot;:&quot;&quot;,&quot;camera&quot;:&quot;&quot;,&quot;caption&quot;:&quot;&quot;,&quot;created_timestamp&quot;:&quot;1665830881&quot;,&quot;copyright&quot;:&quot;&quot;,&quot;focal_length&quot;:&quot;0&quot;,&quot;iso&quot;:&quot;0&quot;,&quot;shutter_speed&quot;:&quot;0&quot;,&quot;title&quot;:&quot;&quot;,&quot;orientation&quot;:&quot;0&quot;}\" data-image-title=\"DSF0607-Editar-1\" data-image-description=\"\" data-image-caption=\"\" data-large-file=\"https:\/\/i0.wp.com\/franbalseirofotografia.com\/wp-content\/uploads\/2023\/07\/DSF0607-Editar-1.jpg?fit=1024%2C682&amp;ssl=1\" role=\"button\" tabindex=\"0\" aria-label=\"Abrir la imagen 8 de 14 en pantalla completa\"srcset=\"https:\/\/i0.wp.com\/franbalseirofotografia.com\/wp-content\/uploads\/2023\/07\/DSF0607-Editar-1-1024x682.jpg?strip=info&#038;w=600&#038;ssl=1 600w,https:\/\/i0.wp.com\/franbalseirofotografia.com\/wp-content\/uploads\/2023\/07\/DSF0607-Editar-1-1024x682.jpg?strip=info&#038;w=900&#038;ssl=1 900w,https:\/\/i0.wp.com\/franbalseirofotografia.com\/wp-content\/uploads\/2023\/07\/DSF0607-Editar-1-1024x682.jpg?strip=info&#038;w=1200&#038;ssl=1 1200w,https:\/\/i0.wp.com\/franbalseirofotografia.com\/wp-content\/uploads\/2023\/07\/DSF0607-Editar-1-1024x682.jpg?strip=info&#038;w=1400&#038;ssl=1 1400w\" alt=\"\" data-height=\"933\" data-id=\"643\" data-link=\"https:\/\/franbalseirofotografia.com\/?attachment_id=643\" data-url=\"https:\/\/franbalseirofotografia.com\/wp-content\/uploads\/2023\/07\/DSF0607-Editar-1-1024x682.jpg\" data-width=\"1400\" src=\"https:\/\/i0.wp.com\/franbalseirofotografia.com\/wp-content\/uploads\/2023\/07\/DSF0607-Editar-1-1024x682.jpg?ssl=1\" data-amp-layout=\"responsive\"\/><\/figure><\/div><div class=\"tiled-gallery__col\" style=\"flex-basis:47.24283%\"><figure class=\"tiled-gallery__item\"><img decoding=\"async\" data-attachment-id=\"644\" data-permalink=\"https:\/\/franbalseirofotografia.com\/index.php\/2023\/07\/07\/oviedo-dia-del-desarme-la-historia-de-unas-fotos\/dsf0617-editar-1\/\" data-orig-file=\"https:\/\/i0.wp.com\/franbalseirofotografia.com\/wp-content\/uploads\/2023\/07\/DSF0617-Editar-1.jpg?fit=800%2C1200&amp;ssl=1\" data-orig-size=\"800,1200\" data-comments-opened=\"0\" data-image-meta=\"{&quot;aperture&quot;:&quot;0&quot;,&quot;credit&quot;:&quot;&quot;,&quot;camera&quot;:&quot;&quot;,&quot;caption&quot;:&quot;&quot;,&quot;created_timestamp&quot;:&quot;1665831166&quot;,&quot;copyright&quot;:&quot;&quot;,&quot;focal_length&quot;:&quot;0&quot;,&quot;iso&quot;:&quot;0&quot;,&quot;shutter_speed&quot;:&quot;0&quot;,&quot;title&quot;:&quot;&quot;,&quot;orientation&quot;:&quot;0&quot;}\" data-image-title=\"DSF0617-Editar-1\" data-image-description=\"\" data-image-caption=\"\" data-large-file=\"https:\/\/i0.wp.com\/franbalseirofotografia.com\/wp-content\/uploads\/2023\/07\/DSF0617-Editar-1.jpg?fit=683%2C1024&amp;ssl=1\" data-attachment-id=\"644\" data-permalink=\"https:\/\/franbalseirofotografia.com\/index.php\/2023\/07\/07\/oviedo-dia-del-desarme-la-historia-de-unas-fotos\/dsf0617-editar-1\/\" data-orig-file=\"https:\/\/i0.wp.com\/franbalseirofotografia.com\/wp-content\/uploads\/2023\/07\/DSF0617-Editar-1.jpg?fit=800%2C1200&amp;ssl=1\" data-orig-size=\"800,1200\" data-comments-opened=\"0\" data-image-meta=\"{&quot;aperture&quot;:&quot;0&quot;,&quot;credit&quot;:&quot;&quot;,&quot;camera&quot;:&quot;&quot;,&quot;caption&quot;:&quot;&quot;,&quot;created_timestamp&quot;:&quot;1665831166&quot;,&quot;copyright&quot;:&quot;&quot;,&quot;focal_length&quot;:&quot;0&quot;,&quot;iso&quot;:&quot;0&quot;,&quot;shutter_speed&quot;:&quot;0&quot;,&quot;title&quot;:&quot;&quot;,&quot;orientation&quot;:&quot;0&quot;}\" data-image-title=\"DSF0617-Editar-1\" data-image-description=\"\" data-image-caption=\"\" data-large-file=\"https:\/\/i0.wp.com\/franbalseirofotografia.com\/wp-content\/uploads\/2023\/07\/DSF0617-Editar-1.jpg?fit=683%2C1024&amp;ssl=1\" role=\"button\" tabindex=\"0\" aria-label=\"Abrir la imagen 9 de 14 en pantalla completa\"srcset=\"https:\/\/i2.wp.com\/franbalseirofotografia.com\/wp-content\/uploads\/2023\/07\/DSF0617-Editar-1-683x1024.jpg?strip=info&#038;w=600&#038;ssl=1 600w,https:\/\/i2.wp.com\/franbalseirofotografia.com\/wp-content\/uploads\/2023\/07\/DSF0617-Editar-1-683x1024.jpg?strip=info&#038;w=800&#038;ssl=1 800w\" alt=\"\" data-height=\"1200\" data-id=\"644\" data-link=\"https:\/\/franbalseirofotografia.com\/?attachment_id=644\" data-url=\"https:\/\/franbalseirofotografia.com\/wp-content\/uploads\/2023\/07\/DSF0617-Editar-1-683x1024.jpg\" data-width=\"800\" src=\"https:\/\/i2.wp.com\/franbalseirofotografia.com\/wp-content\/uploads\/2023\/07\/DSF0617-Editar-1-683x1024.jpg?ssl=1\" data-amp-layout=\"responsive\"\/><\/figure><\/div><\/div><div class=\"tiled-gallery__row\"><div class=\"tiled-gallery__col\" style=\"flex-basis:50.00000%\"><figure class=\"tiled-gallery__item\"><img decoding=\"async\" data-attachment-id=\"645\" data-permalink=\"https:\/\/franbalseirofotografia.com\/index.php\/2023\/07\/07\/oviedo-dia-del-desarme-la-historia-de-unas-fotos\/dsf0623-editar-1\/\" data-orig-file=\"https:\/\/i0.wp.com\/franbalseirofotografia.com\/wp-content\/uploads\/2023\/07\/DSF0623-Editar-1.jpg?fit=1400%2C933&amp;ssl=1\" data-orig-size=\"1400,933\" data-comments-opened=\"0\" data-image-meta=\"{&quot;aperture&quot;:&quot;0&quot;,&quot;credit&quot;:&quot;&quot;,&quot;camera&quot;:&quot;&quot;,&quot;caption&quot;:&quot;&quot;,&quot;created_timestamp&quot;:&quot;1665831288&quot;,&quot;copyright&quot;:&quot;&quot;,&quot;focal_length&quot;:&quot;0&quot;,&quot;iso&quot;:&quot;0&quot;,&quot;shutter_speed&quot;:&quot;0&quot;,&quot;title&quot;:&quot;&quot;,&quot;orientation&quot;:&quot;0&quot;}\" data-image-title=\"DSF0623-Editar-1\" data-image-description=\"\" data-image-caption=\"\" data-large-file=\"https:\/\/i0.wp.com\/franbalseirofotografia.com\/wp-content\/uploads\/2023\/07\/DSF0623-Editar-1.jpg?fit=1024%2C682&amp;ssl=1\" data-attachment-id=\"645\" data-permalink=\"https:\/\/franbalseirofotografia.com\/index.php\/2023\/07\/07\/oviedo-dia-del-desarme-la-historia-de-unas-fotos\/dsf0623-editar-1\/\" data-orig-file=\"https:\/\/i0.wp.com\/franbalseirofotografia.com\/wp-content\/uploads\/2023\/07\/DSF0623-Editar-1.jpg?fit=1400%2C933&amp;ssl=1\" data-orig-size=\"1400,933\" data-comments-opened=\"0\" data-image-meta=\"{&quot;aperture&quot;:&quot;0&quot;,&quot;credit&quot;:&quot;&quot;,&quot;camera&quot;:&quot;&quot;,&quot;caption&quot;:&quot;&quot;,&quot;created_timestamp&quot;:&quot;1665831288&quot;,&quot;copyright&quot;:&quot;&quot;,&quot;focal_length&quot;:&quot;0&quot;,&quot;iso&quot;:&quot;0&quot;,&quot;shutter_speed&quot;:&quot;0&quot;,&quot;title&quot;:&quot;&quot;,&quot;orientation&quot;:&quot;0&quot;}\" data-image-title=\"DSF0623-Editar-1\" data-image-description=\"\" data-image-caption=\"\" data-large-file=\"https:\/\/i0.wp.com\/franbalseirofotografia.com\/wp-content\/uploads\/2023\/07\/DSF0623-Editar-1.jpg?fit=1024%2C682&amp;ssl=1\" role=\"button\" tabindex=\"0\" aria-label=\"Abrir la imagen 10 de 14 en pantalla completa\"srcset=\"https:\/\/i1.wp.com\/franbalseirofotografia.com\/wp-content\/uploads\/2023\/07\/DSF0623-Editar-1-1024x682.jpg?strip=info&#038;w=600&#038;ssl=1 600w,https:\/\/i1.wp.com\/franbalseirofotografia.com\/wp-content\/uploads\/2023\/07\/DSF0623-Editar-1-1024x682.jpg?strip=info&#038;w=900&#038;ssl=1 900w,https:\/\/i1.wp.com\/franbalseirofotografia.com\/wp-content\/uploads\/2023\/07\/DSF0623-Editar-1-1024x682.jpg?strip=info&#038;w=1200&#038;ssl=1 1200w,https:\/\/i1.wp.com\/franbalseirofotografia.com\/wp-content\/uploads\/2023\/07\/DSF0623-Editar-1-1024x682.jpg?strip=info&#038;w=1400&#038;ssl=1 1400w\" alt=\"\" data-height=\"933\" data-id=\"645\" data-link=\"https:\/\/franbalseirofotografia.com\/?attachment_id=645\" data-url=\"https:\/\/franbalseirofotografia.com\/wp-content\/uploads\/2023\/07\/DSF0623-Editar-1-1024x682.jpg\" data-width=\"1400\" src=\"https:\/\/i1.wp.com\/franbalseirofotografia.com\/wp-content\/uploads\/2023\/07\/DSF0623-Editar-1-1024x682.jpg?ssl=1\" data-amp-layout=\"responsive\"\/><\/figure><\/div><div class=\"tiled-gallery__col\" style=\"flex-basis:50.00000%\"><figure class=\"tiled-gallery__item\"><img decoding=\"async\" data-attachment-id=\"646\" data-permalink=\"https:\/\/franbalseirofotografia.com\/index.php\/2023\/07\/07\/oviedo-dia-del-desarme-la-historia-de-unas-fotos\/dsf0628-editar-1\/\" data-orig-file=\"https:\/\/i0.wp.com\/franbalseirofotografia.com\/wp-content\/uploads\/2023\/07\/DSF0628-Editar-1.jpg?fit=1400%2C933&amp;ssl=1\" data-orig-size=\"1400,933\" data-comments-opened=\"0\" data-image-meta=\"{&quot;aperture&quot;:&quot;0&quot;,&quot;credit&quot;:&quot;&quot;,&quot;camera&quot;:&quot;&quot;,&quot;caption&quot;:&quot;&quot;,&quot;created_timestamp&quot;:&quot;1665832492&quot;,&quot;copyright&quot;:&quot;&quot;,&quot;focal_length&quot;:&quot;0&quot;,&quot;iso&quot;:&quot;0&quot;,&quot;shutter_speed&quot;:&quot;0&quot;,&quot;title&quot;:&quot;&quot;,&quot;orientation&quot;:&quot;0&quot;}\" data-image-title=\"DSF0628-Editar-1\" data-image-description=\"\" data-image-caption=\"\" data-large-file=\"https:\/\/i0.wp.com\/franbalseirofotografia.com\/wp-content\/uploads\/2023\/07\/DSF0628-Editar-1.jpg?fit=1024%2C682&amp;ssl=1\" data-attachment-id=\"646\" data-permalink=\"https:\/\/franbalseirofotografia.com\/index.php\/2023\/07\/07\/oviedo-dia-del-desarme-la-historia-de-unas-fotos\/dsf0628-editar-1\/\" data-orig-file=\"https:\/\/i0.wp.com\/franbalseirofotografia.com\/wp-content\/uploads\/2023\/07\/DSF0628-Editar-1.jpg?fit=1400%2C933&amp;ssl=1\" data-orig-size=\"1400,933\" data-comments-opened=\"0\" data-image-meta=\"{&quot;aperture&quot;:&quot;0&quot;,&quot;credit&quot;:&quot;&quot;,&quot;camera&quot;:&quot;&quot;,&quot;caption&quot;:&quot;&quot;,&quot;created_timestamp&quot;:&quot;1665832492&quot;,&quot;copyright&quot;:&quot;&quot;,&quot;focal_length&quot;:&quot;0&quot;,&quot;iso&quot;:&quot;0&quot;,&quot;shutter_speed&quot;:&quot;0&quot;,&quot;title&quot;:&quot;&quot;,&quot;orientation&quot;:&quot;0&quot;}\" data-image-title=\"DSF0628-Editar-1\" data-image-description=\"\" data-image-caption=\"\" data-large-file=\"https:\/\/i0.wp.com\/franbalseirofotografia.com\/wp-content\/uploads\/2023\/07\/DSF0628-Editar-1.jpg?fit=1024%2C682&amp;ssl=1\" role=\"button\" tabindex=\"0\" aria-label=\"Abrir la imagen 11 de 14 en pantalla completa\"srcset=\"https:\/\/i0.wp.com\/franbalseirofotografia.com\/wp-content\/uploads\/2023\/07\/DSF0628-Editar-1-1024x682.jpg?strip=info&#038;w=600&#038;ssl=1 600w,https:\/\/i0.wp.com\/franbalseirofotografia.com\/wp-content\/uploads\/2023\/07\/DSF0628-Editar-1-1024x682.jpg?strip=info&#038;w=900&#038;ssl=1 900w,https:\/\/i0.wp.com\/franbalseirofotografia.com\/wp-content\/uploads\/2023\/07\/DSF0628-Editar-1-1024x682.jpg?strip=info&#038;w=1200&#038;ssl=1 1200w,https:\/\/i0.wp.com\/franbalseirofotografia.com\/wp-content\/uploads\/2023\/07\/DSF0628-Editar-1-1024x682.jpg?strip=info&#038;w=1400&#038;ssl=1 1400w\" alt=\"\" data-height=\"933\" data-id=\"646\" data-link=\"https:\/\/franbalseirofotografia.com\/?attachment_id=646\" data-url=\"https:\/\/franbalseirofotografia.com\/wp-content\/uploads\/2023\/07\/DSF0628-Editar-1-1024x682.jpg\" data-width=\"1400\" src=\"https:\/\/i0.wp.com\/franbalseirofotografia.com\/wp-content\/uploads\/2023\/07\/DSF0628-Editar-1-1024x682.jpg?ssl=1\" data-amp-layout=\"responsive\"\/><\/figure><\/div><\/div><div class=\"tiled-gallery__row\"><div class=\"tiled-gallery__col\" style=\"flex-basis:66.79002%\"><figure class=\"tiled-gallery__item\"><img decoding=\"async\" data-attachment-id=\"647\" data-permalink=\"https:\/\/franbalseirofotografia.com\/index.php\/2023\/07\/07\/oviedo-dia-del-desarme-la-historia-de-unas-fotos\/dsf0645-editar-1\/\" data-orig-file=\"https:\/\/i0.wp.com\/franbalseirofotografia.com\/wp-content\/uploads\/2023\/07\/DSF0645-Editar-1.jpg?fit=1400%2C933&amp;ssl=1\" data-orig-size=\"1400,933\" data-comments-opened=\"0\" data-image-meta=\"{&quot;aperture&quot;:&quot;0&quot;,&quot;credit&quot;:&quot;&quot;,&quot;camera&quot;:&quot;&quot;,&quot;caption&quot;:&quot;&quot;,&quot;created_timestamp&quot;:&quot;1665833382&quot;,&quot;copyright&quot;:&quot;&quot;,&quot;focal_length&quot;:&quot;0&quot;,&quot;iso&quot;:&quot;0&quot;,&quot;shutter_speed&quot;:&quot;0&quot;,&quot;title&quot;:&quot;&quot;,&quot;orientation&quot;:&quot;0&quot;}\" data-image-title=\"DSF0645-Editar-1\" data-image-description=\"\" data-image-caption=\"\" data-large-file=\"https:\/\/i0.wp.com\/franbalseirofotografia.com\/wp-content\/uploads\/2023\/07\/DSF0645-Editar-1.jpg?fit=1024%2C682&amp;ssl=1\" data-attachment-id=\"647\" data-permalink=\"https:\/\/franbalseirofotografia.com\/index.php\/2023\/07\/07\/oviedo-dia-del-desarme-la-historia-de-unas-fotos\/dsf0645-editar-1\/\" data-orig-file=\"https:\/\/i0.wp.com\/franbalseirofotografia.com\/wp-content\/uploads\/2023\/07\/DSF0645-Editar-1.jpg?fit=1400%2C933&amp;ssl=1\" data-orig-size=\"1400,933\" data-comments-opened=\"0\" data-image-meta=\"{&quot;aperture&quot;:&quot;0&quot;,&quot;credit&quot;:&quot;&quot;,&quot;camera&quot;:&quot;&quot;,&quot;caption&quot;:&quot;&quot;,&quot;created_timestamp&quot;:&quot;1665833382&quot;,&quot;copyright&quot;:&quot;&quot;,&quot;focal_length&quot;:&quot;0&quot;,&quot;iso&quot;:&quot;0&quot;,&quot;shutter_speed&quot;:&quot;0&quot;,&quot;title&quot;:&quot;&quot;,&quot;orientation&quot;:&quot;0&quot;}\" data-image-title=\"DSF0645-Editar-1\" data-image-description=\"\" data-image-caption=\"\" data-large-file=\"https:\/\/i0.wp.com\/franbalseirofotografia.com\/wp-content\/uploads\/2023\/07\/DSF0645-Editar-1.jpg?fit=1024%2C682&amp;ssl=1\" role=\"button\" tabindex=\"0\" aria-label=\"Abrir la imagen 12 de 14 en pantalla completa\"srcset=\"https:\/\/i2.wp.com\/franbalseirofotografia.com\/wp-content\/uploads\/2023\/07\/DSF0645-Editar-1-1024x682.jpg?strip=info&#038;w=600&#038;ssl=1 600w,https:\/\/i2.wp.com\/franbalseirofotografia.com\/wp-content\/uploads\/2023\/07\/DSF0645-Editar-1-1024x682.jpg?strip=info&#038;w=900&#038;ssl=1 900w,https:\/\/i2.wp.com\/franbalseirofotografia.com\/wp-content\/uploads\/2023\/07\/DSF0645-Editar-1-1024x682.jpg?strip=info&#038;w=1200&#038;ssl=1 1200w,https:\/\/i2.wp.com\/franbalseirofotografia.com\/wp-content\/uploads\/2023\/07\/DSF0645-Editar-1-1024x682.jpg?strip=info&#038;w=1400&#038;ssl=1 1400w\" alt=\"\" data-height=\"933\" data-id=\"647\" data-link=\"https:\/\/franbalseirofotografia.com\/?attachment_id=647\" data-url=\"https:\/\/franbalseirofotografia.com\/wp-content\/uploads\/2023\/07\/DSF0645-Editar-1-1024x682.jpg\" data-width=\"1400\" src=\"https:\/\/i2.wp.com\/franbalseirofotografia.com\/wp-content\/uploads\/2023\/07\/DSF0645-Editar-1-1024x682.jpg?ssl=1\" data-amp-layout=\"responsive\"\/><\/figure><\/div><div class=\"tiled-gallery__col\" style=\"flex-basis:33.20998%\"><figure class=\"tiled-gallery__item\"><img decoding=\"async\" data-attachment-id=\"657\" data-permalink=\"https:\/\/franbalseirofotografia.com\/index.php\/2023\/07\/07\/oviedo-dia-del-desarme-la-historia-de-unas-fotos\/dsf0604-editar-2\/\" data-orig-file=\"https:\/\/i0.wp.com\/franbalseirofotografia.com\/wp-content\/uploads\/2023\/07\/DSF0604-Editar-2.jpg?fit=1400%2C933&amp;ssl=1\" data-orig-size=\"1400,933\" data-comments-opened=\"0\" data-image-meta=\"{&quot;aperture&quot;:&quot;0&quot;,&quot;credit&quot;:&quot;&quot;,&quot;camera&quot;:&quot;&quot;,&quot;caption&quot;:&quot;&quot;,&quot;created_timestamp&quot;:&quot;1665830760&quot;,&quot;copyright&quot;:&quot;&quot;,&quot;focal_length&quot;:&quot;0&quot;,&quot;iso&quot;:&quot;0&quot;,&quot;shutter_speed&quot;:&quot;0&quot;,&quot;title&quot;:&quot;&quot;,&quot;orientation&quot;:&quot;0&quot;}\" data-image-title=\"DSF0604-Editar-2\" data-image-description=\"\" data-image-caption=\"\" data-large-file=\"https:\/\/i0.wp.com\/franbalseirofotografia.com\/wp-content\/uploads\/2023\/07\/DSF0604-Editar-2.jpg?fit=1024%2C682&amp;ssl=1\" data-attachment-id=\"657\" data-permalink=\"https:\/\/franbalseirofotografia.com\/index.php\/2023\/07\/07\/oviedo-dia-del-desarme-la-historia-de-unas-fotos\/dsf0604-editar-2\/\" data-orig-file=\"https:\/\/i0.wp.com\/franbalseirofotografia.com\/wp-content\/uploads\/2023\/07\/DSF0604-Editar-2.jpg?fit=1400%2C933&amp;ssl=1\" data-orig-size=\"1400,933\" data-comments-opened=\"0\" data-image-meta=\"{&quot;aperture&quot;:&quot;0&quot;,&quot;credit&quot;:&quot;&quot;,&quot;camera&quot;:&quot;&quot;,&quot;caption&quot;:&quot;&quot;,&quot;created_timestamp&quot;:&quot;1665830760&quot;,&quot;copyright&quot;:&quot;&quot;,&quot;focal_length&quot;:&quot;0&quot;,&quot;iso&quot;:&quot;0&quot;,&quot;shutter_speed&quot;:&quot;0&quot;,&quot;title&quot;:&quot;&quot;,&quot;orientation&quot;:&quot;0&quot;}\" data-image-title=\"DSF0604-Editar-2\" data-image-description=\"\" data-image-caption=\"\" data-large-file=\"https:\/\/i0.wp.com\/franbalseirofotografia.com\/wp-content\/uploads\/2023\/07\/DSF0604-Editar-2.jpg?fit=1024%2C682&amp;ssl=1\" role=\"button\" tabindex=\"0\" aria-label=\"Abrir la imagen 13 de 14 en pantalla completa\"srcset=\"https:\/\/i0.wp.com\/franbalseirofotografia.com\/wp-content\/uploads\/2023\/07\/DSF0604-Editar-2-1024x682.jpg?strip=info&#038;w=600&#038;ssl=1 600w,https:\/\/i0.wp.com\/franbalseirofotografia.com\/wp-content\/uploads\/2023\/07\/DSF0604-Editar-2-1024x682.jpg?strip=info&#038;w=900&#038;ssl=1 900w,https:\/\/i0.wp.com\/franbalseirofotografia.com\/wp-content\/uploads\/2023\/07\/DSF0604-Editar-2-1024x682.jpg?strip=info&#038;w=1200&#038;ssl=1 1200w,https:\/\/i0.wp.com\/franbalseirofotografia.com\/wp-content\/uploads\/2023\/07\/DSF0604-Editar-2-1024x682.jpg?strip=info&#038;w=1400&#038;ssl=1 1400w\" alt=\"\" data-height=\"933\" data-id=\"657\" data-link=\"https:\/\/franbalseirofotografia.com\/index.php\/2023\/07\/07\/oviedo-dia-del-desarme-la-historia-de-unas-fotos\/dsf0604-editar-2\/\" data-url=\"https:\/\/franbalseirofotografia.com\/wp-content\/uploads\/2023\/07\/DSF0604-Editar-2-1024x682.jpg\" data-width=\"1400\" src=\"https:\/\/i0.wp.com\/franbalseirofotografia.com\/wp-content\/uploads\/2023\/07\/DSF0604-Editar-2-1024x682.jpg?ssl=1\" data-amp-layout=\"responsive\"\/><\/figure><figure class=\"tiled-gallery__item\"><img decoding=\"async\" data-attachment-id=\"658\" data-permalink=\"https:\/\/franbalseirofotografia.com\/index.php\/2023\/07\/07\/oviedo-dia-del-desarme-la-historia-de-unas-fotos\/dsf0658-editar-5\/\" data-orig-file=\"https:\/\/i0.wp.com\/franbalseirofotografia.com\/wp-content\/uploads\/2023\/07\/DSF0658-Editar-5.jpg?fit=1400%2C933&amp;ssl=1\" data-orig-size=\"1400,933\" data-comments-opened=\"0\" data-image-meta=\"{&quot;aperture&quot;:&quot;0&quot;,&quot;credit&quot;:&quot;&quot;,&quot;camera&quot;:&quot;&quot;,&quot;caption&quot;:&quot;&quot;,&quot;created_timestamp&quot;:&quot;1665833977&quot;,&quot;copyright&quot;:&quot;&quot;,&quot;focal_length&quot;:&quot;0&quot;,&quot;iso&quot;:&quot;0&quot;,&quot;shutter_speed&quot;:&quot;0&quot;,&quot;title&quot;:&quot;&quot;,&quot;orientation&quot;:&quot;0&quot;}\" data-image-title=\"DSF0658-Editar-5\" data-image-description=\"\" data-image-caption=\"\" data-large-file=\"https:\/\/i0.wp.com\/franbalseirofotografia.com\/wp-content\/uploads\/2023\/07\/DSF0658-Editar-5.jpg?fit=1024%2C682&amp;ssl=1\" data-attachment-id=\"658\" data-permalink=\"https:\/\/franbalseirofotografia.com\/index.php\/2023\/07\/07\/oviedo-dia-del-desarme-la-historia-de-unas-fotos\/dsf0658-editar-5\/\" data-orig-file=\"https:\/\/i0.wp.com\/franbalseirofotografia.com\/wp-content\/uploads\/2023\/07\/DSF0658-Editar-5.jpg?fit=1400%2C933&amp;ssl=1\" data-orig-size=\"1400,933\" data-comments-opened=\"0\" data-image-meta=\"{&quot;aperture&quot;:&quot;0&quot;,&quot;credit&quot;:&quot;&quot;,&quot;camera&quot;:&quot;&quot;,&quot;caption&quot;:&quot;&quot;,&quot;created_timestamp&quot;:&quot;1665833977&quot;,&quot;copyright&quot;:&quot;&quot;,&quot;focal_length&quot;:&quot;0&quot;,&quot;iso&quot;:&quot;0&quot;,&quot;shutter_speed&quot;:&quot;0&quot;,&quot;title&quot;:&quot;&quot;,&quot;orientation&quot;:&quot;0&quot;}\" data-image-title=\"DSF0658-Editar-5\" data-image-description=\"\" data-image-caption=\"\" data-large-file=\"https:\/\/i0.wp.com\/franbalseirofotografia.com\/wp-content\/uploads\/2023\/07\/DSF0658-Editar-5.jpg?fit=1024%2C682&amp;ssl=1\" role=\"button\" tabindex=\"0\" aria-label=\"Abrir la imagen 14 de 14 en pantalla completa\"srcset=\"https:\/\/i2.wp.com\/franbalseirofotografia.com\/wp-content\/uploads\/2023\/07\/DSF0658-Editar-5-1024x682.jpg?strip=info&#038;w=600&#038;ssl=1 600w,https:\/\/i2.wp.com\/franbalseirofotografia.com\/wp-content\/uploads\/2023\/07\/DSF0658-Editar-5-1024x682.jpg?strip=info&#038;w=900&#038;ssl=1 900w,https:\/\/i2.wp.com\/franbalseirofotografia.com\/wp-content\/uploads\/2023\/07\/DSF0658-Editar-5-1024x682.jpg?strip=info&#038;w=1200&#038;ssl=1 1200w,https:\/\/i2.wp.com\/franbalseirofotografia.com\/wp-content\/uploads\/2023\/07\/DSF0658-Editar-5-1024x682.jpg?strip=info&#038;w=1400&#038;ssl=1 1400w\" alt=\"\" data-height=\"933\" data-id=\"658\" data-link=\"https:\/\/franbalseirofotografia.com\/index.php\/2023\/07\/07\/oviedo-dia-del-desarme-la-historia-de-unas-fotos\/dsf0658-editar-5\/\" data-url=\"https:\/\/franbalseirofotografia.com\/wp-content\/uploads\/2023\/07\/DSF0658-Editar-5-1024x682.jpg\" data-width=\"1400\" src=\"https:\/\/i2.wp.com\/franbalseirofotografia.com\/wp-content\/uploads\/2023\/07\/DSF0658-Editar-5-1024x682.jpg?ssl=1\" data-amp-layout=\"responsive\"\/><\/figure><\/div><\/div><\/div><\/div>\n","protected":false},"excerpt":{"rendered":"<p>Este S\u00e1bado tuve que ir a Oviedo y cual fue mi sorpresa, que por las calles de la zona vieja se recreaban unos festejos los cuales no sabia a que se deb\u00edan. Entretanto, y a modo de humor pregunt\u00e9 a uno de los que all\u00ed se integraban, un soldado con traje del siglo XIX dando [&hellip;]<\/p>\n","protected":false},"author":2,"featured_media":634,"comment_status":"closed","ping_status":"closed","sticky":false,"template":"","format":"standard","meta":{"_et_pb_use_builder":"","_et_pb_old_content":"","_et_gb_content_width":"","_jetpack_memberships_contains_paid_content":false,"footnotes":""},"categories":[1],"tags":[],"class_list":["post-629","post","type-post","status-publish","format-standard","has-post-thumbnail","hentry","category-uncategorized"],"yoast_head":"<!-- This site is optimized with the Yoast SEO plugin v27.5 - https:\/\/yoast.com\/product\/yoast-seo-wordpress\/ -->\n<title>Oviedo. D\u00eda del desarme. La hist\u00f3ria de unas fotos - Fran Balseiro Fotograf\u00eda<\/title>\n<meta name=\"robots\" content=\"index, follow, max-snippet:-1, max-image-preview:large, max-video-preview:-1\" \/>\n<link rel=\"canonical\" href=\"https:\/\/franbalseirofotografia.com\/index.php\/2023\/07\/07\/oviedo-dia-del-desarme-la-historia-de-unas-fotos\/\" \/>\n<meta property=\"og:locale\" content=\"es_ES\" \/>\n<meta property=\"og:type\" content=\"article\" \/>\n<meta property=\"og:title\" content=\"Oviedo. D\u00eda del desarme. La hist\u00f3ria de unas fotos - Fran Balseiro Fotograf\u00eda\" \/>\n<meta property=\"og:description\" content=\"Este S\u00e1bado tuve que ir a Oviedo y cual fue mi sorpresa, que por las calles de la zona vieja se recreaban unos festejos los cuales no sabia a que se deb\u00edan. Entretanto, y a modo de humor pregunt\u00e9 a uno de los que all\u00ed se integraban, un soldado con traje del siglo XIX dando [&hellip;]\" \/>\n<meta property=\"og:url\" content=\"https:\/\/franbalseirofotografia.com\/index.php\/2023\/07\/07\/oviedo-dia-del-desarme-la-historia-de-unas-fotos\/\" \/>\n<meta property=\"og:site_name\" content=\"Fran Balseiro Fotograf\u00eda\" \/>\n<meta property=\"article:publisher\" content=\"https:\/\/www.facebook.com\/franbalseiro.fotografia\" \/>\n<meta property=\"article:author\" content=\"https:\/\/www.facebook.com\/franbalseiro.fotografia\" \/>\n<meta property=\"article:published_time\" content=\"2023-07-07T19:47:39+00:00\" \/>\n<meta property=\"article:modified_time\" content=\"2023-07-07T19:58:22+00:00\" \/>\n<meta property=\"og:image\" content=\"https:\/\/i0.wp.com\/franbalseirofotografia.com\/wp-content\/uploads\/2023\/07\/DSF0658-Editar-1.jpg?fit=1400%2C933&ssl=1\" \/>\n\t<meta property=\"og:image:width\" content=\"1400\" \/>\n\t<meta property=\"og:image:height\" content=\"933\" \/>\n\t<meta property=\"og:image:type\" content=\"image\/jpeg\" \/>\n<meta name=\"author\" content=\"Fran Balseiro\" \/>\n<meta name=\"twitter:card\" content=\"summary_large_image\" \/>\n<meta name=\"twitter:label1\" content=\"Escrito por\" \/>\n\t<meta name=\"twitter:data1\" content=\"Fran Balseiro\" \/>\n\t<meta name=\"twitter:label2\" content=\"Tiempo de lectura\" \/>\n\t<meta name=\"twitter:data2\" content=\"3 minutos\" \/>\n<script type=\"application\/ld+json\" class=\"yoast-schema-graph\">{\"@context\":\"https:\\\/\\\/schema.org\",\"@graph\":[{\"@type\":\"Article\",\"@id\":\"https:\\\/\\\/franbalseirofotografia.com\\\/index.php\\\/2023\\\/07\\\/07\\\/oviedo-dia-del-desarme-la-historia-de-unas-fotos\\\/#article\",\"isPartOf\":{\"@id\":\"https:\\\/\\\/franbalseirofotografia.com\\\/index.php\\\/2023\\\/07\\\/07\\\/oviedo-dia-del-desarme-la-historia-de-unas-fotos\\\/\"},\"author\":{\"name\":\"Fran Balseiro\",\"@id\":\"https:\\\/\\\/franbalseirofotografia.com\\\/#\\\/schema\\\/person\\\/9b90e6bf9f2838b92d4057f41bc7e574\"},\"headline\":\"Oviedo. D\u00eda del desarme. La hist\u00f3ria de unas fotos\",\"datePublished\":\"2023-07-07T19:47:39+00:00\",\"dateModified\":\"2023-07-07T19:58:22+00:00\",\"mainEntityOfPage\":{\"@id\":\"https:\\\/\\\/franbalseirofotografia.com\\\/index.php\\\/2023\\\/07\\\/07\\\/oviedo-dia-del-desarme-la-historia-de-unas-fotos\\\/\"},\"wordCount\":536,\"publisher\":{\"@id\":\"https:\\\/\\\/franbalseirofotografia.com\\\/#\\\/schema\\\/person\\\/9b90e6bf9f2838b92d4057f41bc7e574\"},\"image\":{\"@id\":\"https:\\\/\\\/franbalseirofotografia.com\\\/index.php\\\/2023\\\/07\\\/07\\\/oviedo-dia-del-desarme-la-historia-de-unas-fotos\\\/#primaryimage\"},\"thumbnailUrl\":\"https:\\\/\\\/i0.wp.com\\\/franbalseirofotografia.com\\\/wp-content\\\/uploads\\\/2023\\\/07\\\/DSF0658-Editar-1.jpg?fit=1400%2C933&ssl=1\",\"articleSection\":[\"Uncategorized\"],\"inLanguage\":\"es\"},{\"@type\":\"WebPage\",\"@id\":\"https:\\\/\\\/franbalseirofotografia.com\\\/index.php\\\/2023\\\/07\\\/07\\\/oviedo-dia-del-desarme-la-historia-de-unas-fotos\\\/\",\"url\":\"https:\\\/\\\/franbalseirofotografia.com\\\/index.php\\\/2023\\\/07\\\/07\\\/oviedo-dia-del-desarme-la-historia-de-unas-fotos\\\/\",\"name\":\"Oviedo. D\u00eda del desarme. La hist\u00f3ria de unas fotos - Fran Balseiro Fotograf\u00eda\",\"isPartOf\":{\"@id\":\"https:\\\/\\\/franbalseirofotografia.com\\\/#website\"},\"primaryImageOfPage\":{\"@id\":\"https:\\\/\\\/franbalseirofotografia.com\\\/index.php\\\/2023\\\/07\\\/07\\\/oviedo-dia-del-desarme-la-historia-de-unas-fotos\\\/#primaryimage\"},\"image\":{\"@id\":\"https:\\\/\\\/franbalseirofotografia.com\\\/index.php\\\/2023\\\/07\\\/07\\\/oviedo-dia-del-desarme-la-historia-de-unas-fotos\\\/#primaryimage\"},\"thumbnailUrl\":\"https:\\\/\\\/i0.wp.com\\\/franbalseirofotografia.com\\\/wp-content\\\/uploads\\\/2023\\\/07\\\/DSF0658-Editar-1.jpg?fit=1400%2C933&ssl=1\",\"datePublished\":\"2023-07-07T19:47:39+00:00\",\"dateModified\":\"2023-07-07T19:58:22+00:00\",\"breadcrumb\":{\"@id\":\"https:\\\/\\\/franbalseirofotografia.com\\\/index.php\\\/2023\\\/07\\\/07\\\/oviedo-dia-del-desarme-la-historia-de-unas-fotos\\\/#breadcrumb\"},\"inLanguage\":\"es\",\"potentialAction\":[{\"@type\":\"ReadAction\",\"target\":[\"https:\\\/\\\/franbalseirofotografia.com\\\/index.php\\\/2023\\\/07\\\/07\\\/oviedo-dia-del-desarme-la-historia-de-unas-fotos\\\/\"]}]},{\"@type\":\"ImageObject\",\"inLanguage\":\"es\",\"@id\":\"https:\\\/\\\/franbalseirofotografia.com\\\/index.php\\\/2023\\\/07\\\/07\\\/oviedo-dia-del-desarme-la-historia-de-unas-fotos\\\/#primaryimage\",\"url\":\"https:\\\/\\\/i0.wp.com\\\/franbalseirofotografia.com\\\/wp-content\\\/uploads\\\/2023\\\/07\\\/DSF0658-Editar-1.jpg?fit=1400%2C933&ssl=1\",\"contentUrl\":\"https:\\\/\\\/i0.wp.com\\\/franbalseirofotografia.com\\\/wp-content\\\/uploads\\\/2023\\\/07\\\/DSF0658-Editar-1.jpg?fit=1400%2C933&ssl=1\",\"width\":1400,\"height\":933},{\"@type\":\"BreadcrumbList\",\"@id\":\"https:\\\/\\\/franbalseirofotografia.com\\\/index.php\\\/2023\\\/07\\\/07\\\/oviedo-dia-del-desarme-la-historia-de-unas-fotos\\\/#breadcrumb\",\"itemListElement\":[{\"@type\":\"ListItem\",\"position\":1,\"name\":\"Portada\",\"item\":\"https:\\\/\\\/franbalseirofotografia.com\\\/\"},{\"@type\":\"ListItem\",\"position\":2,\"name\":\"Oviedo. D\u00eda del desarme. La hist\u00f3ria de unas fotos\"}]},{\"@type\":\"WebSite\",\"@id\":\"https:\\\/\\\/franbalseirofotografia.com\\\/#website\",\"url\":\"https:\\\/\\\/franbalseirofotografia.com\\\/\",\"name\":\"Fran Balseiro Fotograf\u00eda\",\"description\":\"Fotograf\u00eda\",\"publisher\":{\"@id\":\"https:\\\/\\\/franbalseirofotografia.com\\\/#\\\/schema\\\/person\\\/9b90e6bf9f2838b92d4057f41bc7e574\"},\"potentialAction\":[{\"@type\":\"SearchAction\",\"target\":{\"@type\":\"EntryPoint\",\"urlTemplate\":\"https:\\\/\\\/franbalseirofotografia.com\\\/?s={search_term_string}\"},\"query-input\":{\"@type\":\"PropertyValueSpecification\",\"valueRequired\":true,\"valueName\":\"search_term_string\"}}],\"inLanguage\":\"es\"},{\"@type\":[\"Person\",\"Organization\"],\"@id\":\"https:\\\/\\\/franbalseirofotografia.com\\\/#\\\/schema\\\/person\\\/9b90e6bf9f2838b92d4057f41bc7e574\",\"name\":\"Fran Balseiro\",\"image\":{\"@type\":\"ImageObject\",\"inLanguage\":\"es\",\"@id\":\"https:\\\/\\\/i0.wp.com\\\/franbalseirofotografia.com\\\/wp-content\\\/uploads\\\/2023\\\/06\\\/logo.png?fit=377%2C160&ssl=1\",\"url\":\"https:\\\/\\\/i0.wp.com\\\/franbalseirofotografia.com\\\/wp-content\\\/uploads\\\/2023\\\/06\\\/logo.png?fit=377%2C160&ssl=1\",\"contentUrl\":\"https:\\\/\\\/i0.wp.com\\\/franbalseirofotografia.com\\\/wp-content\\\/uploads\\\/2023\\\/06\\\/logo.png?fit=377%2C160&ssl=1\",\"width\":377,\"height\":160,\"caption\":\"Fran Balseiro\"},\"logo\":{\"@id\":\"https:\\\/\\\/i0.wp.com\\\/franbalseirofotografia.com\\\/wp-content\\\/uploads\\\/2023\\\/06\\\/logo.png?fit=377%2C160&ssl=1\"},\"sameAs\":[\"https:\\\/\\\/www.facebook.com\\\/franbalseiro.fotografia\"],\"url\":\"https:\\\/\\\/franbalseirofotografia.com\\\/index.php\\\/author\\\/fran\\\/\"}]}<\/script>\n<!-- \/ Yoast SEO plugin. -->","yoast_head_json":{"title":"Oviedo. D\u00eda del desarme. La hist\u00f3ria de unas fotos - Fran Balseiro Fotograf\u00eda","robots":{"index":"index","follow":"follow","max-snippet":"max-snippet:-1","max-image-preview":"max-image-preview:large","max-video-preview":"max-video-preview:-1"},"canonical":"https:\/\/franbalseirofotografia.com\/index.php\/2023\/07\/07\/oviedo-dia-del-desarme-la-historia-de-unas-fotos\/","og_locale":"es_ES","og_type":"article","og_title":"Oviedo. D\u00eda del desarme. La hist\u00f3ria de unas fotos - Fran Balseiro Fotograf\u00eda","og_description":"Este S\u00e1bado tuve que ir a Oviedo y cual fue mi sorpresa, que por las calles de la zona vieja se recreaban unos festejos los cuales no sabia a que se deb\u00edan. Entretanto, y a modo de humor pregunt\u00e9 a uno de los que all\u00ed se integraban, un soldado con traje del siglo XIX dando [&hellip;]","og_url":"https:\/\/franbalseirofotografia.com\/index.php\/2023\/07\/07\/oviedo-dia-del-desarme-la-historia-de-unas-fotos\/","og_site_name":"Fran Balseiro Fotograf\u00eda","article_publisher":"https:\/\/www.facebook.com\/franbalseiro.fotografia","article_author":"https:\/\/www.facebook.com\/franbalseiro.fotografia","article_published_time":"2023-07-07T19:47:39+00:00","article_modified_time":"2023-07-07T19:58:22+00:00","og_image":[{"width":1400,"height":933,"url":"https:\/\/i0.wp.com\/franbalseirofotografia.com\/wp-content\/uploads\/2023\/07\/DSF0658-Editar-1.jpg?fit=1400%2C933&ssl=1","type":"image\/jpeg"}],"author":"Fran Balseiro","twitter_card":"summary_large_image","twitter_misc":{"Escrito por":"Fran Balseiro","Tiempo de lectura":"3 minutos"},"schema":{"@context":"https:\/\/schema.org","@graph":[{"@type":"Article","@id":"https:\/\/franbalseirofotografia.com\/index.php\/2023\/07\/07\/oviedo-dia-del-desarme-la-historia-de-unas-fotos\/#article","isPartOf":{"@id":"https:\/\/franbalseirofotografia.com\/index.php\/2023\/07\/07\/oviedo-dia-del-desarme-la-historia-de-unas-fotos\/"},"author":{"name":"Fran Balseiro","@id":"https:\/\/franbalseirofotografia.com\/#\/schema\/person\/9b90e6bf9f2838b92d4057f41bc7e574"},"headline":"Oviedo. D\u00eda del desarme. La hist\u00f3ria de unas fotos","datePublished":"2023-07-07T19:47:39+00:00","dateModified":"2023-07-07T19:58:22+00:00","mainEntityOfPage":{"@id":"https:\/\/franbalseirofotografia.com\/index.php\/2023\/07\/07\/oviedo-dia-del-desarme-la-historia-de-unas-fotos\/"},"wordCount":536,"publisher":{"@id":"https:\/\/franbalseirofotografia.com\/#\/schema\/person\/9b90e6bf9f2838b92d4057f41bc7e574"},"image":{"@id":"https:\/\/franbalseirofotografia.com\/index.php\/2023\/07\/07\/oviedo-dia-del-desarme-la-historia-de-unas-fotos\/#primaryimage"},"thumbnailUrl":"https:\/\/i0.wp.com\/franbalseirofotografia.com\/wp-content\/uploads\/2023\/07\/DSF0658-Editar-1.jpg?fit=1400%2C933&ssl=1","articleSection":["Uncategorized"],"inLanguage":"es"},{"@type":"WebPage","@id":"https:\/\/franbalseirofotografia.com\/index.php\/2023\/07\/07\/oviedo-dia-del-desarme-la-historia-de-unas-fotos\/","url":"https:\/\/franbalseirofotografia.com\/index.php\/2023\/07\/07\/oviedo-dia-del-desarme-la-historia-de-unas-fotos\/","name":"Oviedo. D\u00eda del desarme. La hist\u00f3ria de unas fotos - Fran Balseiro Fotograf\u00eda","isPartOf":{"@id":"https:\/\/franbalseirofotografia.com\/#website"},"primaryImageOfPage":{"@id":"https:\/\/franbalseirofotografia.com\/index.php\/2023\/07\/07\/oviedo-dia-del-desarme-la-historia-de-unas-fotos\/#primaryimage"},"image":{"@id":"https:\/\/franbalseirofotografia.com\/index.php\/2023\/07\/07\/oviedo-dia-del-desarme-la-historia-de-unas-fotos\/#primaryimage"},"thumbnailUrl":"https:\/\/i0.wp.com\/franbalseirofotografia.com\/wp-content\/uploads\/2023\/07\/DSF0658-Editar-1.jpg?fit=1400%2C933&ssl=1","datePublished":"2023-07-07T19:47:39+00:00","dateModified":"2023-07-07T19:58:22+00:00","breadcrumb":{"@id":"https:\/\/franbalseirofotografia.com\/index.php\/2023\/07\/07\/oviedo-dia-del-desarme-la-historia-de-unas-fotos\/#breadcrumb"},"inLanguage":"es","potentialAction":[{"@type":"ReadAction","target":["https:\/\/franbalseirofotografia.com\/index.php\/2023\/07\/07\/oviedo-dia-del-desarme-la-historia-de-unas-fotos\/"]}]},{"@type":"ImageObject","inLanguage":"es","@id":"https:\/\/franbalseirofotografia.com\/index.php\/2023\/07\/07\/oviedo-dia-del-desarme-la-historia-de-unas-fotos\/#primaryimage","url":"https:\/\/i0.wp.com\/franbalseirofotografia.com\/wp-content\/uploads\/2023\/07\/DSF0658-Editar-1.jpg?fit=1400%2C933&ssl=1","contentUrl":"https:\/\/i0.wp.com\/franbalseirofotografia.com\/wp-content\/uploads\/2023\/07\/DSF0658-Editar-1.jpg?fit=1400%2C933&ssl=1","width":1400,"height":933},{"@type":"BreadcrumbList","@id":"https:\/\/franbalseirofotografia.com\/index.php\/2023\/07\/07\/oviedo-dia-del-desarme-la-historia-de-unas-fotos\/#breadcrumb","itemListElement":[{"@type":"ListItem","position":1,"name":"Portada","item":"https:\/\/franbalseirofotografia.com\/"},{"@type":"ListItem","position":2,"name":"Oviedo. D\u00eda del desarme. La hist\u00f3ria de unas fotos"}]},{"@type":"WebSite","@id":"https:\/\/franbalseirofotografia.com\/#website","url":"https:\/\/franbalseirofotografia.com\/","name":"Fran Balseiro Fotograf\u00eda","description":"Fotograf\u00eda","publisher":{"@id":"https:\/\/franbalseirofotografia.com\/#\/schema\/person\/9b90e6bf9f2838b92d4057f41bc7e574"},"potentialAction":[{"@type":"SearchAction","target":{"@type":"EntryPoint","urlTemplate":"https:\/\/franbalseirofotografia.com\/?s={search_term_string}"},"query-input":{"@type":"PropertyValueSpecification","valueRequired":true,"valueName":"search_term_string"}}],"inLanguage":"es"},{"@type":["Person","Organization"],"@id":"https:\/\/franbalseirofotografia.com\/#\/schema\/person\/9b90e6bf9f2838b92d4057f41bc7e574","name":"Fran Balseiro","image":{"@type":"ImageObject","inLanguage":"es","@id":"https:\/\/i0.wp.com\/franbalseirofotografia.com\/wp-content\/uploads\/2023\/06\/logo.png?fit=377%2C160&ssl=1","url":"https:\/\/i0.wp.com\/franbalseirofotografia.com\/wp-content\/uploads\/2023\/06\/logo.png?fit=377%2C160&ssl=1","contentUrl":"https:\/\/i0.wp.com\/franbalseirofotografia.com\/wp-content\/uploads\/2023\/06\/logo.png?fit=377%2C160&ssl=1","width":377,"height":160,"caption":"Fran Balseiro"},"logo":{"@id":"https:\/\/i0.wp.com\/franbalseirofotografia.com\/wp-content\/uploads\/2023\/06\/logo.png?fit=377%2C160&ssl=1"},"sameAs":["https:\/\/www.facebook.com\/franbalseiro.fotografia"],"url":"https:\/\/franbalseirofotografia.com\/index.php\/author\/fran\/"}]}},"jetpack_featured_media_url":"https:\/\/i0.wp.com\/franbalseirofotografia.com\/wp-content\/uploads\/2023\/07\/DSF0658-Editar-1.jpg?fit=1400%2C933&ssl=1","jetpack_sharing_enabled":true,"_links":{"self":[{"href":"https:\/\/franbalseirofotografia.com\/index.php\/wp-json\/wp\/v2\/posts\/629","targetHints":{"allow":["GET"]}}],"collection":[{"href":"https:\/\/franbalseirofotografia.com\/index.php\/wp-json\/wp\/v2\/posts"}],"about":[{"href":"https:\/\/franbalseirofotografia.com\/index.php\/wp-json\/wp\/v2\/types\/post"}],"author":[{"embeddable":true,"href":"https:\/\/franbalseirofotografia.com\/index.php\/wp-json\/wp\/v2\/users\/2"}],"replies":[{"embeddable":true,"href":"https:\/\/franbalseirofotografia.com\/index.php\/wp-json\/wp\/v2\/comments?post=629"}],"version-history":[{"count":4,"href":"https:\/\/franbalseirofotografia.com\/index.php\/wp-json\/wp\/v2\/posts\/629\/revisions"}],"predecessor-version":[{"id":659,"href":"https:\/\/franbalseirofotografia.com\/index.php\/wp-json\/wp\/v2\/posts\/629\/revisions\/659"}],"wp:featuredmedia":[{"embeddable":true,"href":"https:\/\/franbalseirofotografia.com\/index.php\/wp-json\/wp\/v2\/media\/634"}],"wp:attachment":[{"href":"https:\/\/franbalseirofotografia.com\/index.php\/wp-json\/wp\/v2\/media?parent=629"}],"wp:term":[{"taxonomy":"category","embeddable":true,"href":"https:\/\/franbalseirofotografia.com\/index.php\/wp-json\/wp\/v2\/categories?post=629"},{"taxonomy":"post_tag","embeddable":true,"href":"https:\/\/franbalseirofotografia.com\/index.php\/wp-json\/wp\/v2\/tags?post=629"}],"curies":[{"name":"wp","href":"https:\/\/api.w.org\/{rel}","templated":true}]}}